{"id":995,"date":"2014-07-13T08:48:49","date_gmt":"2014-07-13T06:48:49","guid":{"rendered":"http:\/\/www.lehrpraxis.or.at\/?p=995"},"modified":"2021-11-01T11:15:58","modified_gmt":"2021-11-01T09:15:58","slug":"oesterreichische-gesellschaft-fuer-geriatrie-und-gerontologie","status":"publish","type":"post","link":"https:\/\/www.lehrpraxis.or.at\/?p=995","title":{"rendered":"\u00d6sterreichische Gesellschaft f\u00fcr Geriatrie und Gerontologie"},"content":{"rendered":"<h4 style=\"text-align: center;\"><a href=\"http:\/\/www.geriatrie-online.at\/\" target=\"_blank\" rel=\"noopener\"><em>\u00d6sterreichische Gesellschaft f\u00fcr Geriatrie und Gerontologie <\/em><\/a><\/h4>\n<h4 style=\"text-align: center;\"><a href=\"http:\/\/www.geriatrie-online.at\/\" target=\"_blank\" rel=\"noopener\"><em>www.geriatrie-online.at<\/em><\/a><\/h4>\n<p style=\"text-align: justify;\">Die Fachgesellschaft f\u00fcr alle \u00c4rztinnen und \u00c4rzte mit dem Zusatzfach Geriatrie und dem \u00d6\u00c4K-Diplom Geriatrie.<\/p>\n","protected":false},"excerpt":{"rendered":"<p>\u00d6sterreichische Gesellschaft f\u00fcr Geriatrie und Gerontologie www.geriatrie-online.at Die Fachgesellschaft f\u00fcr alle \u00c4rztinnen und \u00c4rzte mit dem Zusatzfach Geriatrie und dem \u00d6\u00c4K-Diplom Geriatrie.<\/p>\n","protected":false},"author":2,"featured_media":0,"comment_status":"closed","ping_status":"closed","sticky":false,"template":"","format":"link","meta":[],"categories":[36],"tags":[125,80],"_links":{"self":[{"href":"https:\/\/www.lehrpraxis.or.at\/index.php?rest_route=\/wp\/v2\/posts\/995"}],"collection":[{"href":"https:\/\/www.lehrpraxis.or.at\/index.php?rest_route=\/wp\/v2\/posts"}],"about":[{"href":"https:\/\/www.lehrpraxis.or.at\/index.php?rest_route=\/wp\/v2\/types\/post"}],"author":[{"embeddable":true,"href":"https:\/\/www.lehrpraxis.or.at\/index.php?rest_route=\/wp\/v2\/users\/2"}],"replies":[{"embeddable":true,"href":"https:\/\/www.lehrpraxis.or.at\/index.php?rest_route=%2Fwp%2Fv2%2Fcomments&post=995"}],"version-history":[{"count":5,"href":"https:\/\/www.lehrpraxis.or.at\/index.php?rest_route=\/wp\/v2\/posts\/995\/revisions"}],"predecessor-version":[{"id":2290,"href":"https:\/\/www.lehrpraxis.or.at\/index.php?rest_route=\/wp\/v2\/posts\/995\/revisions\/2290"}],"wp:attachment":[{"href":"https:\/\/www.lehrpraxis.or.at\/index.php?rest_route=%2Fwp%2Fv2%2Fmedia&parent=995"}],"wp:term":[{"taxonomy":"category","embeddable":true,"href":"https:\/\/www.lehrpraxis.or.at\/index.php?rest_route=%2Fwp%2Fv2%2Fcategories&post=995"},{"taxonomy":"post_tag","embeddable":true,"href":"https:\/\/www.lehrpraxis.or.at\/index.php?rest_route=%2Fwp%2Fv2%2Ftags&post=995"}],"curies":[{"name":"wp","href":"https:\/\/api.w.org\/{rel}","templated":true}]}}